{"id":77,"count":1,"description":"","link":"https:\/\/www.vinsdeltros.com\/es\/categoria-producto\/vins-del-club\/carinyena-vins-del-club\/","name":"Cari\u00f1ena","slug":"carinyena-vins-del-club","taxonomy":"product_cat","parent":48,"meta":[],"menu_order":0,"acf":[],"yoast_head":"<!-- This site is optimized with the Yoast SEO plugin v27.4 - https:\/\/yoast.com\/product\/yoast-seo-wordpress\/ -->\n<title>Carinyena &#8211; Vins del Tros<\/title>\n<meta name=\"robots\" content=\"index, follow, max-snippet:-1, max-image-preview:large, max-video-preview:-1\" \/>\n<link rel=\"canonical\" href=\"https:\/\/www.vinsdeltros.com\/es\/categoria-producto\/vins-del-club\/carinyena-vins-del-club\/\" \/>\n<meta property=\"og:locale\" content=\"es_ES\" \/>\n<meta property=\"og:type\" content=\"article\" \/>\n<meta property=\"og:title\" content=\"Carinyena &#8211; Vins del Tros\" \/>\n<meta property=\"og:url\" content=\"https:\/\/www.vinsdeltros.com\/es\/categoria-producto\/vins-del-club\/carinyena-vins-del-club\/\" \/>\n<meta property=\"og:site_name\" content=\"Vins del Tros\" \/>\n<meta property=\"og:image\" content=\"https:\/\/www.vinsdeltros.com\/wp-content\/uploads\/2020\/05\/logo.jpg\" \/>\n\t<meta property=\"og:image:width\" content=\"733\" \/>\n\t<meta property=\"og:image:height\" content=\"960\" \/>\n\t<meta property=\"og:image:type\" content=\"image\/jpeg\" \/>\n<meta name=\"twitter:card\" content=\"summary_large_image\" \/>\n<meta name=\"twitter:site\" content=\"@vinsdeltros\" \/>\n<script type=\"application\/ld+json\" class=\"yoast-schema-graph\">{\"@context\":\"https:\\\/\\\/schema.org\",\"@graph\":[{\"@type\":\"CollectionPage\",\"@id\":\"https:\\\/\\\/www.vinsdeltros.com\\\/categoria-producto\\\/vins-del-club\\\/carinyena-vins-del-club\\\/\",\"url\":\"https:\\\/\\\/www.vinsdeltros.com\\\/categoria-producto\\\/vins-del-club\\\/carinyena-vins-del-club\\\/\",\"name\":\"Carinyena &#8211; Vins del Tros\",\"isPartOf\":{\"@id\":\"https:\\\/\\\/www.vinsdeltros.com\\\/#website\"},\"breadcrumb\":{\"@id\":\"https:\\\/\\\/www.vinsdeltros.com\\\/categoria-producto\\\/vins-del-club\\\/carinyena-vins-del-club\\\/#breadcrumb\"},\"inLanguage\":\"es\"},{\"@type\":\"BreadcrumbList\",\"@id\":\"https:\\\/\\\/www.vinsdeltros.com\\\/categoria-producto\\\/vins-del-club\\\/carinyena-vins-del-club\\\/#breadcrumb\",\"itemListElement\":[{\"@type\":\"ListItem\",\"position\":1,\"name\":\"Inici\",\"item\":\"https:\\\/\\\/www.vinsdeltros.com\\\/\"},{\"@type\":\"ListItem\",\"position\":2,\"name\":\"Vins del Club\",\"item\":\"https:\\\/\\\/www.vinsdeltros.com\\\/categoria-producto\\\/vins-del-club\\\/\"},{\"@type\":\"ListItem\",\"position\":3,\"name\":\"Carinyena\"}]},{\"@type\":\"WebSite\",\"@id\":\"https:\\\/\\\/www.vinsdeltros.com\\\/#website\",\"url\":\"https:\\\/\\\/www.vinsdeltros.com\\\/\",\"name\":\"Vins del Tros\",\"description\":\"Vins de parcel\u00b7la. Vernatxes i varietats del terreno. Vins ecol\u00f2gics, biodin\u00e0mics i vins d\u2019\u00e0mfora\",\"publisher\":{\"@id\":\"https:\\\/\\\/www.vinsdeltros.com\\\/#organization\"},\"potentialAction\":[{\"@type\":\"SearchAction\",\"target\":{\"@type\":\"EntryPoint\",\"urlTemplate\":\"https:\\\/\\\/www.vinsdeltros.com\\\/?s={search_term_string}\"},\"query-input\":{\"@type\":\"PropertyValueSpecification\",\"valueRequired\":true,\"valueName\":\"search_term_string\"}}],\"inLanguage\":\"es\"},{\"@type\":\"Organization\",\"@id\":\"https:\\\/\\\/www.vinsdeltros.com\\\/#organization\",\"name\":\"Vins del Tros\",\"url\":\"https:\\\/\\\/www.vinsdeltros.com\\\/\",\"logo\":{\"@type\":\"ImageObject\",\"inLanguage\":\"es\",\"@id\":\"https:\\\/\\\/www.vinsdeltros.com\\\/#\\\/schema\\\/logo\\\/image\\\/\",\"url\":\"https:\\\/\\\/www.vinsdeltros.com\\\/wp-content\\\/uploads\\\/2020\\\/05\\\/logo.jpg\",\"contentUrl\":\"https:\\\/\\\/www.vinsdeltros.com\\\/wp-content\\\/uploads\\\/2020\\\/05\\\/logo.jpg\",\"width\":733,\"height\":960,\"caption\":\"Vins del Tros\"},\"image\":{\"@id\":\"https:\\\/\\\/www.vinsdeltros.com\\\/#\\\/schema\\\/logo\\\/image\\\/\"},\"sameAs\":[\"https:\\\/\\\/www.facebook.com\\\/vinsdeltros\",\"https:\\\/\\\/x.com\\\/vinsdeltros\",\"https:\\\/\\\/www.instagram.com\\\/vinsdeltros\\\/\",\"https:\\\/\\\/www.youtube.com\\\/vinsdeltros\"]}]}<\/script>\n<!-- \/ Yoast SEO plugin. -->","yoast_head_json":{"title":"Cari\u00f1ena \u2013 Vins del Tros","robots":{"index":"index","follow":"follow","max-snippet":"max-snippet:-1","max-image-preview":"max-image-preview:large","max-video-preview":"max-video-preview:-1"},"canonical":"https:\/\/www.vinsdeltros.com\/es\/categoria-producto\/vins-del-club\/carinyena-vins-del-club\/","og_locale":"es_ES","og_type":"article","og_title":"Carinyena &#8211; Vins del Tros","og_url":"https:\/\/www.vinsdeltros.com\/es\/categoria-producto\/vins-del-club\/carinyena-vins-del-club\/","og_site_name":"Vins del Tros","og_image":[{"width":733,"height":960,"url":"https:\/\/www.vinsdeltros.com\/wp-content\/uploads\/2020\/05\/logo.jpg","type":"image\/jpeg"}],"twitter_card":"summary_large_image","twitter_site":"@vinsdeltros","schema":{"@context":"https:\/\/schema.org","@graph":[{"@type":"CollectionPage","@id":"https:\/\/www.vinsdeltros.com\/categoria-producto\/vins-del-club\/carinyena-vins-del-club\/","url":"https:\/\/www.vinsdeltros.com\/categoria-producto\/vins-del-club\/carinyena-vins-del-club\/","name":"Cari\u00f1ena \u2013 Vins del Tros","isPartOf":{"@id":"https:\/\/www.vinsdeltros.com\/#website"},"breadcrumb":{"@id":"https:\/\/www.vinsdeltros.com\/categoria-producto\/vins-del-club\/carinyena-vins-del-club\/#breadcrumb"},"inLanguage":"es"},{"@type":"BreadcrumbList","@id":"https:\/\/www.vinsdeltros.com\/categoria-producto\/vins-del-club\/carinyena-vins-del-club\/#breadcrumb","itemListElement":[{"@type":"ListItem","position":1,"name":"Inici","item":"https:\/\/www.vinsdeltros.com\/"},{"@type":"ListItem","position":2,"name":"Vins del Club","item":"https:\/\/www.vinsdeltros.com\/categoria-producto\/vins-del-club\/"},{"@type":"ListItem","position":3,"name":"Carinyena"}]},{"@type":"WebSite","@id":"https:\/\/www.vinsdeltros.com\/#website","url":"https:\/\/www.vinsdeltros.com\/","name":"Vins del Tros","description":"Vinos de parcela. Vernachas y variedades del terreno. Vinos ecol\u00f3gicos, biodin\u00e1micos y vinos de \u00e1nfora","publisher":{"@id":"https:\/\/www.vinsdeltros.com\/#organization"},"potentialAction":[{"@type":"SearchAction","target":{"@type":"EntryPoint","urlTemplate":"https:\/\/www.vinsdeltros.com\/?s={search_term_string}"},"query-input":{"@type":"PropertyValueSpecification","valueRequired":true,"valueName":"search_term_string"}}],"inLanguage":"es"},{"@type":"Organization","@id":"https:\/\/www.vinsdeltros.com\/#organization","name":"Vins del Tros","url":"https:\/\/www.vinsdeltros.com\/","logo":{"@type":"ImageObject","inLanguage":"es","@id":"https:\/\/www.vinsdeltros.com\/#\/schema\/logo\/image\/","url":"https:\/\/www.vinsdeltros.com\/wp-content\/uploads\/2020\/05\/logo.jpg","contentUrl":"https:\/\/www.vinsdeltros.com\/wp-content\/uploads\/2020\/05\/logo.jpg","width":733,"height":960,"caption":"Vins del Tros"},"image":{"@id":"https:\/\/www.vinsdeltros.com\/#\/schema\/logo\/image\/"},"sameAs":["https:\/\/www.facebook.com\/vinsdeltros","https:\/\/x.com\/vinsdeltros","https:\/\/www.instagram.com\/vinsdeltros\/","https:\/\/www.youtube.com\/vinsdeltros"]}]}},"_links":{"self":[{"href":"https:\/\/www.vinsdeltros.com\/es\/wp-json\/wp\/v2\/product_cat\/77","targetHints":{"allow":["GET"]}}],"collection":[{"href":"https:\/\/www.vinsdeltros.com\/es\/wp-json\/wp\/v2\/product_cat"}],"about":[{"href":"https:\/\/www.vinsdeltros.com\/es\/wp-json\/wp\/v2\/taxonomies\/product_cat"}],"up":[{"embeddable":true,"href":"https:\/\/www.vinsdeltros.com\/es\/wp-json\/wp\/v2\/product_cat\/48"}],"wp:post_type":[{"href":"https:\/\/www.vinsdeltros.com\/es\/wp-json\/wp\/v2\/product?product_cat=77"}],"curies":[{"name":"wp","href":"https:\/\/api.w.org\/{rel}","templated":true}]}}